{"id":242,"date":"2020-10-25T16:10:50","date_gmt":"2020-10-25T16:10:50","guid":{"rendered":"https:\/\/abicker.de\/?p=242"},"modified":"2024-10-07T15:37:31","modified_gmt":"2024-10-07T15:37:31","slug":"soundanlage","status":"publish","type":"post","link":"https:\/\/abicker.de\/index.php\/2020\/10\/25\/soundanlage\/","title":{"rendered":"Soundanlage mieten"},"content":{"rendered":"<p><img loading=\"lazy\" decoding=\"async\" class=\"alignnone size-full wp-image-245\" src=\"https:\/\/abicker.de\/wp-content\/uploads\/2021\/10\/pa_top.jpg\" alt=\"\" width=\"500\" height=\"208\" srcset=\"https:\/\/abicker.de\/wp-content\/uploads\/2021\/10\/pa_top.jpg 500w, https:\/\/abicker.de\/wp-content\/uploads\/2021\/10\/pa_top-300x125.jpg 300w\" sizes=\"auto, (max-width: 500px) 100vw, 500px\" \/><\/p>\n<p>Als Moderator vermiete ich auf Wunsch auch eine eigene PA (Beschallunganlage).<\/p>\n<p>Die Grundelemente Verst\u00e4rker, Boxen, Boxenst\u00e4nder, Funkmikro, Mikrost\u00e4nder, 4-Kanal-Beringer-Mischpult (mit Musiknotebook-Anschluss) &#8211; bei Selbstabholung f\u00fcr 100 Euro (inkl. 7% USt.) \/ 24 Stunden.<\/p>\n<p>Die professionelle Anlage ist leicht aufzubauen und einfach zu bedienen, indem Sie neben dem Mikrofon auch Ihr Notebook oder Handy anschlie\u00dfen. Zus\u00e4tzliche Ein oder zwei zus\u00e4tzliche Kabelmikrofone sowie Lichtelemente (LED-Strahler, Scheinwerfer, 50-cm-Diskokugel inkl. ein oder zwei Par-36-Strahler, Lichterschl\u00e4uche) auf Anfrage.<\/p>\n<p>Bestens geeignet f\u00fcr Vernissagen, Ansprachen, Event-Moderation und -Musik, Lesungen usw.<\/p>\n<p>&nbsp;<\/p>\n","protected":false},"excerpt":{"rendered":"<p>Als Moderator vermiete ich auf Wunsch auch eine eigene PA (Beschallunganlage). Die Grundelemente Verst\u00e4rker, Boxen,&#8230;<\/p>\n","protected":false},"author":1,"featured_media":248,"comment_status":"closed","ping_status":"closed","sticky":false,"template":"","format":"standard","meta":{"footnotes":""},"categories":[1],"tags":[],"class_list":["post-242","post","type-post","status-publish","format-standard","has-post-thumbnail","hentry","category-uncategorized","wpcat-1-id"],"yoast_head":"<!-- This site is optimized with the Yoast SEO plugin v18.5.1 - https:\/\/yoast.com\/wordpress\/plugins\/seo\/ -->\n<title>Soundanlage mieten - Presseb\u00fcro Arne Bicker<\/title>\n<meta name=\"robots\" content=\"index, follow, max-snippet:-1, max-image-preview:large, max-video-preview:-1\" \/>\n<link rel=\"canonical\" href=\"https:\/\/abicker.de\/index.php\/2020\/10\/25\/soundanlage\/\" \/>\n<meta property=\"og:locale\" content=\"de_DE\" \/>\n<meta property=\"og:type\" content=\"article\" \/>\n<meta property=\"og:title\" content=\"Soundanlage mieten - Presseb\u00fcro Arne Bicker\" \/>\n<meta property=\"og:description\" content=\"Als Moderator vermiete ich auf Wunsch auch eine eigene PA (Beschallunganlage). Die Grundelemente Verst\u00e4rker, Boxen,...\" \/>\n<meta property=\"og:url\" content=\"https:\/\/abicker.de\/index.php\/2020\/10\/25\/soundanlage\/\" \/>\n<meta property=\"og:site_name\" content=\"Presseb\u00fcro Arne Bicker\" \/>\n<meta property=\"article:published_time\" content=\"2020-10-25T16:10:50+00:00\" \/>\n<meta property=\"article:modified_time\" content=\"2024-10-07T15:37:31+00:00\" \/>\n<meta property=\"og:image\" content=\"https:\/\/abicker.de\/wp-content\/uploads\/2021\/10\/PA_h.jpg\" \/>\n\t<meta property=\"og:image:width\" content=\"500\" \/>\n\t<meta property=\"og:image:height\" content=\"380\" \/>\n\t<meta property=\"og:image:type\" content=\"image\/jpeg\" \/>\n<meta name=\"twitter:card\" content=\"summary_large_image\" \/>\n<meta name=\"twitter:label1\" content=\"Verfasst von\" \/>\n\t<meta name=\"twitter:data1\" content=\"admin\" \/>\n\t<meta name=\"twitter:label2\" content=\"Gesch\u00e4tzte Lesezeit\" \/>\n\t<meta name=\"twitter:data2\" content=\"1\u00a0Minute\" \/>\n<script type=\"application\/ld+json\" class=\"yoast-schema-graph\">{\"@context\":\"https:\/\/schema.org\",\"@graph\":[{\"@type\":\"WebSite\",\"@id\":\"https:\/\/abicker.de\/#website\",\"url\":\"https:\/\/abicker.de\/\",\"name\":\"Presseb\u00fcro Arne Bicker\",\"description\":\"Journalist | Moderator | Sprecher | Autor\",\"potentialAction\":[{\"@type\":\"SearchAction\",\"target\":{\"@type\":\"EntryPoint\",\"urlTemplate\":\"https:\/\/abicker.de\/?s={search_term_string}\"},\"query-input\":\"required name=search_term_string\"}],\"inLanguage\":\"de\"},{\"@type\":\"ImageObject\",\"@id\":\"https:\/\/abicker.de\/index.php\/2020\/10\/25\/soundanlage\/#primaryimage\",\"inLanguage\":\"de\",\"url\":\"https:\/\/abicker.de\/wp-content\/uploads\/2021\/10\/PA_h.jpg\",\"contentUrl\":\"https:\/\/abicker.de\/wp-content\/uploads\/2021\/10\/PA_h.jpg\",\"width\":500,\"height\":380},{\"@type\":\"WebPage\",\"@id\":\"https:\/\/abicker.de\/index.php\/2020\/10\/25\/soundanlage\/#webpage\",\"url\":\"https:\/\/abicker.de\/index.php\/2020\/10\/25\/soundanlage\/\",\"name\":\"Soundanlage mieten - Presseb\u00fcro Arne Bicker\",\"isPartOf\":{\"@id\":\"https:\/\/abicker.de\/#website\"},\"primaryImageOfPage\":{\"@id\":\"https:\/\/abicker.de\/index.php\/2020\/10\/25\/soundanlage\/#primaryimage\"},\"datePublished\":\"2020-10-25T16:10:50+00:00\",\"dateModified\":\"2024-10-07T15:37:31+00:00\",\"author\":{\"@id\":\"https:\/\/abicker.de\/#\/schema\/person\/a6e3e1a96a6a43bc2fec8e07f9ca08a9\"},\"breadcrumb\":{\"@id\":\"https:\/\/abicker.de\/index.php\/2020\/10\/25\/soundanlage\/#breadcrumb\"},\"inLanguage\":\"de\",\"potentialAction\":[{\"@type\":\"ReadAction\",\"target\":[\"https:\/\/abicker.de\/index.php\/2020\/10\/25\/soundanlage\/\"]}]},{\"@type\":\"BreadcrumbList\",\"@id\":\"https:\/\/abicker.de\/index.php\/2020\/10\/25\/soundanlage\/#breadcrumb\",\"itemListElement\":[{\"@type\":\"ListItem\",\"position\":1,\"name\":\"Home\",\"item\":\"https:\/\/abicker.de\/\"},{\"@type\":\"ListItem\",\"position\":2,\"name\":\"Soundanlage mieten\"}]},{\"@type\":\"Person\",\"@id\":\"https:\/\/abicker.de\/#\/schema\/person\/a6e3e1a96a6a43bc2fec8e07f9ca08a9\",\"name\":\"admin\",\"image\":{\"@type\":\"ImageObject\",\"@id\":\"https:\/\/abicker.de\/#personlogo\",\"inLanguage\":\"de\",\"url\":\"https:\/\/secure.gravatar.com\/avatar\/0a7f1d2588b6e384d69629fee64788da20ecc8f22d460a26e2df45976ef9753c?s=96&d=mm&r=g\",\"contentUrl\":\"https:\/\/secure.gravatar.com\/avatar\/0a7f1d2588b6e384d69629fee64788da20ecc8f22d460a26e2df45976ef9753c?s=96&d=mm&r=g\",\"caption\":\"admin\"},\"url\":\"https:\/\/abicker.de\/index.php\/author\/atb1964\/\"}]}<\/script>\n<!-- \/ Yoast SEO plugin. -->","yoast_head_json":{"title":"Soundanlage mieten - Presseb\u00fcro Arne Bicker","robots":{"index":"index","follow":"follow","max-snippet":"max-snippet:-1","max-image-preview":"max-image-preview:large","max-video-preview":"max-video-preview:-1"},"canonical":"https:\/\/abicker.de\/index.php\/2020\/10\/25\/soundanlage\/","og_locale":"de_DE","og_type":"article","og_title":"Soundanlage mieten - Presseb\u00fcro Arne Bicker","og_description":"Als Moderator vermiete ich auf Wunsch auch eine eigene PA (Beschallunganlage). Die Grundelemente Verst\u00e4rker, Boxen,...","og_url":"https:\/\/abicker.de\/index.php\/2020\/10\/25\/soundanlage\/","og_site_name":"Presseb\u00fcro Arne Bicker","article_published_time":"2020-10-25T16:10:50+00:00","article_modified_time":"2024-10-07T15:37:31+00:00","og_image":[{"width":500,"height":380,"url":"https:\/\/abicker.de\/wp-content\/uploads\/2021\/10\/PA_h.jpg","type":"image\/jpeg"}],"twitter_card":"summary_large_image","twitter_misc":{"Verfasst von":"admin","Gesch\u00e4tzte Lesezeit":"1\u00a0Minute"},"schema":{"@context":"https:\/\/schema.org","@graph":[{"@type":"WebSite","@id":"https:\/\/abicker.de\/#website","url":"https:\/\/abicker.de\/","name":"Presseb\u00fcro Arne Bicker","description":"Journalist | Moderator | Sprecher | Autor","potentialAction":[{"@type":"SearchAction","target":{"@type":"EntryPoint","urlTemplate":"https:\/\/abicker.de\/?s={search_term_string}"},"query-input":"required name=search_term_string"}],"inLanguage":"de"},{"@type":"ImageObject","@id":"https:\/\/abicker.de\/index.php\/2020\/10\/25\/soundanlage\/#primaryimage","inLanguage":"de","url":"https:\/\/abicker.de\/wp-content\/uploads\/2021\/10\/PA_h.jpg","contentUrl":"https:\/\/abicker.de\/wp-content\/uploads\/2021\/10\/PA_h.jpg","width":500,"height":380},{"@type":"WebPage","@id":"https:\/\/abicker.de\/index.php\/2020\/10\/25\/soundanlage\/#webpage","url":"https:\/\/abicker.de\/index.php\/2020\/10\/25\/soundanlage\/","name":"Soundanlage mieten - Presseb\u00fcro Arne Bicker","isPartOf":{"@id":"https:\/\/abicker.de\/#website"},"primaryImageOfPage":{"@id":"https:\/\/abicker.de\/index.php\/2020\/10\/25\/soundanlage\/#primaryimage"},"datePublished":"2020-10-25T16:10:50+00:00","dateModified":"2024-10-07T15:37:31+00:00","author":{"@id":"https:\/\/abicker.de\/#\/schema\/person\/a6e3e1a96a6a43bc2fec8e07f9ca08a9"},"breadcrumb":{"@id":"https:\/\/abicker.de\/index.php\/2020\/10\/25\/soundanlage\/#breadcrumb"},"inLanguage":"de","potentialAction":[{"@type":"ReadAction","target":["https:\/\/abicker.de\/index.php\/2020\/10\/25\/soundanlage\/"]}]},{"@type":"BreadcrumbList","@id":"https:\/\/abicker.de\/index.php\/2020\/10\/25\/soundanlage\/#breadcrumb","itemListElement":[{"@type":"ListItem","position":1,"name":"Home","item":"https:\/\/abicker.de\/"},{"@type":"ListItem","position":2,"name":"Soundanlage mieten"}]},{"@type":"Person","@id":"https:\/\/abicker.de\/#\/schema\/person\/a6e3e1a96a6a43bc2fec8e07f9ca08a9","name":"admin","image":{"@type":"ImageObject","@id":"https:\/\/abicker.de\/#personlogo","inLanguage":"de","url":"https:\/\/secure.gravatar.com\/avatar\/0a7f1d2588b6e384d69629fee64788da20ecc8f22d460a26e2df45976ef9753c?s=96&d=mm&r=g","contentUrl":"https:\/\/secure.gravatar.com\/avatar\/0a7f1d2588b6e384d69629fee64788da20ecc8f22d460a26e2df45976ef9753c?s=96&d=mm&r=g","caption":"admin"},"url":"https:\/\/abicker.de\/index.php\/author\/atb1964\/"}]}},"_links":{"self":[{"href":"https:\/\/abicker.de\/index.php\/wp-json\/wp\/v2\/posts\/242","targetHints":{"allow":["GET"]}}],"collection":[{"href":"https:\/\/abicker.de\/index.php\/wp-json\/wp\/v2\/posts"}],"about":[{"href":"https:\/\/abicker.de\/index.php\/wp-json\/wp\/v2\/types\/post"}],"author":[{"embeddable":true,"href":"https:\/\/abicker.de\/index.php\/wp-json\/wp\/v2\/users\/1"}],"replies":[{"embeddable":true,"href":"https:\/\/abicker.de\/index.php\/wp-json\/wp\/v2\/comments?post=242"}],"version-history":[{"count":10,"href":"https:\/\/abicker.de\/index.php\/wp-json\/wp\/v2\/posts\/242\/revisions"}],"predecessor-version":[{"id":436,"href":"https:\/\/abicker.de\/index.php\/wp-json\/wp\/v2\/posts\/242\/revisions\/436"}],"wp:featuredmedia":[{"embeddable":true,"href":"https:\/\/abicker.de\/index.php\/wp-json\/wp\/v2\/media\/248"}],"wp:attachment":[{"href":"https:\/\/abicker.de\/index.php\/wp-json\/wp\/v2\/media?parent=242"}],"wp:term":[{"taxonomy":"category","embeddable":true,"href":"https:\/\/abicker.de\/index.php\/wp-json\/wp\/v2\/categories?post=242"},{"taxonomy":"post_tag","embeddable":true,"href":"https:\/\/abicker.de\/index.php\/wp-json\/wp\/v2\/tags?post=242"}],"curies":[{"name":"wp","href":"https:\/\/api.w.org\/{rel}","templated":true}]}}